{"id":5961,"date":"2022-10-26T12:37:32","date_gmt":"2022-10-26T10:37:32","guid":{"rendered":"https:\/\/www.lagazel.com\/region-of-thies-senegal-november-2020\/"},"modified":"2022-10-26T12:46:43","modified_gmt":"2022-10-26T10:46:43","slug":"region-of-thies-senegal-november-2020","status":"publish","type":"post","link":"https:\/\/www.lagazel.com\/en\/region-of-thies-senegal-november-2020\/","title":{"rendered":"Region of Thies, Senegal &#8211; November 2020"},"content":{"rendered":"<p>The French association Bagoudibou funded an operation with solar lamps and collective charging stations for two schools in the region of Thi\u00e8s, S\u00e9n\u00e9gal. In collaboration with the local NGOs APAF and ADEPE, the project was built including an awareness session per school to insure a proper use of the products by beneficiaries, and a good comprehension of the challenges of solar energy. In total, two collective <a href=\"https:\/\/www.lagazel.com\/en\/boutique\/station-de-recharge-collective\/\">solar charging stations<\/a> were installed and 80 Kalo 3000 <a href=\"https:\/\/www.lagazel.com\/en\/lampe-solaire-portable-notre-gamme-de-modeles-lagazel\/\">portable solar lamps<\/a> were offered to pupils according to insecurity but also academic excellence conditions. For teachers, they are in charge of managing the equipment and inviting parents to get involved in the projects. Within the coming year, the Senegalese Lagazel team will come back for a follow-up visit. And in the meantime, consultations will be held to set up a solar lamps loan system.<\/p>\n<p>Discover more <a href=\"https:\/\/www.lagazel.com\/projets-solidaires-3\/senegal\/\">solidarity projects in Senegal<\/a><\/p>\n<p><img decoding=\"async\" class=\"alignnone size-full wp-image-3298 lazyload\" data-src=\"https:\/\/www.lagazel.com\/wp-content\/uploads\/2020\/12\/Bagoudibou.jpg\" alt=\"\" width=\"226\" height=\"223\" data-srcset=\"https:\/\/www.lagazel.com\/wp-content\/uploads\/2020\/12\/Bagoudibou-66x66.jpg 66w, https:\/\/www.lagazel.com\/wp-content\/uploads\/2020\/12\/Bagoudibou-100x100.jpg 100w, https:\/\/www.lagazel.com\/wp-content\/uploads\/2020\/12\/Bagoudibou-200x197.jpg 200w, https:\/\/www.lagazel.com\/wp-content\/uploads\/2020\/12\/Bagoudibou.jpg 226w\" data-sizes=\"(max-width: 226px) 100vw, 226px\" src=\"data:image\/gif;base64,R0lGODlhAQABAAAAACH5BAEKAAEALAAAAAABAAEAAAICTAEAOw==\" style=\"--smush-placeholder-width: 226px; --smush-placeholder-aspect-ratio: 226\/223;\" \/><\/p>\n<p>Photos \u00a9Bagoudibou<\/p>\n","protected":false},"excerpt":{"rendered":"<p>The French association Bagoudibou funded an operation with solar lamps and collective charging stations for two schools in the region of Thi\u00e8s, S\u00e9n\u00e9gal. In collaboration with the local NGOs APAF and ADEPE, the project was built including an awareness session per school to insure a proper use of the products by beneficiaries, and a good comprehension of the challenges of solar energy. In total, two collective solar charging stations were [&hellip;]<\/p>\n","protected":false},"author":2,"featured_media":3302,"comment_status":"open","ping_status":"open","sticky":false,"template":"","format":"standard","meta":{"om_disable_all_campaigns":false,"_monsterinsights_skip_tracking":false,"_monsterinsights_sitenote_active":false,"_monsterinsights_sitenote_note":"","_monsterinsights_sitenote_category":0,"footnotes":""},"categories":[122],"tags":[123],"class_list":["post-5961","post","type-post","status-publish","format-standard","has-post-thumbnail","hentry","category-groupe-2-en","tag-senegal-en"],"aioseo_notices":[],"yoast_head":"<!-- This site is optimized with the Yoast SEO plugin v24.9 - https:\/\/yoast.com\/wordpress\/plugins\/seo\/ -->\n<title>Region of Thies, Senegal - November 2020 - Lagazel<\/title>\n<meta name=\"robots\" content=\"index, follow, max-snippet:-1, max-image-preview:large, max-video-preview:-1\" \/>\n<link rel=\"canonical\" href=\"https:\/\/www.lagazel.com\/en\/region-of-thies-senegal-november-2020\/\" \/>\n<meta property=\"og:locale\" content=\"en_US\" \/>\n<meta property=\"og:type\" content=\"article\" \/>\n<meta property=\"og:title\" content=\"Region of Thies, Senegal - November 2020 - Lagazel\" \/>\n<meta property=\"og:description\" content=\"The French association Bagoudibou funded an operation with solar lamps and collective charging stations for two schools in the region of Thi\u00e8s, S\u00e9n\u00e9gal. In collaboration with the local NGOs APAF and ADEPE, the project was built including an awareness session per school to insure a proper use of the products by beneficiaries, and a good comprehension of the challenges of solar energy. In total, two collective solar charging stations were [&hellip;]\" \/>\n<meta property=\"og:url\" content=\"https:\/\/www.lagazel.com\/en\/region-of-thies-senegal-november-2020\/\" \/>\n<meta property=\"og:site_name\" content=\"Lagazel\" \/>\n<meta property=\"article:published_time\" content=\"2022-10-26T10:37:32+00:00\" \/>\n<meta property=\"article:modified_time\" content=\"2022-10-26T10:46:43+00:00\" \/>\n<meta property=\"og:image\" content=\"https:\/\/www.lagazel.com\/wp-content\/uploads\/2020\/12\/IMG-20201119-WA0007.jpg\" \/>\n\t<meta property=\"og:image:width\" content=\"1040\" \/>\n\t<meta property=\"og:image:height\" content=\"780\" \/>\n\t<meta property=\"og:image:type\" content=\"image\/jpeg\" \/>\n<meta name=\"author\" content=\"St\u00e9phany Bonnard\" \/>\n<meta name=\"twitter:card\" content=\"summary_large_image\" \/>\n<meta name=\"twitter:label1\" content=\"Written by\" \/>\n\t<meta name=\"twitter:data1\" content=\"St\u00e9phany Bonnard\" \/>\n\t<meta name=\"twitter:label2\" content=\"Est. reading time\" \/>\n\t<meta name=\"twitter:data2\" content=\"1 minute\" \/>\n<script type=\"application\/ld+json\" class=\"yoast-schema-graph\">{\"@context\":\"https:\/\/schema.org\",\"@graph\":[{\"@type\":\"Article\",\"@id\":\"https:\/\/www.lagazel.com\/en\/region-of-thies-senegal-november-2020\/#article\",\"isPartOf\":{\"@id\":\"https:\/\/www.lagazel.com\/en\/region-of-thies-senegal-november-2020\/\"},\"author\":{\"name\":\"St\u00e9phany Bonnard\",\"@id\":\"https:\/\/www.lagazel.com\/en\/#\/schema\/person\/46deefe8acefe1f5c4b07751acdb3aa4\"},\"headline\":\"Region of Thies, Senegal &#8211; November 2020\",\"datePublished\":\"2022-10-26T10:37:32+00:00\",\"dateModified\":\"2022-10-26T10:46:43+00:00\",\"mainEntityOfPage\":{\"@id\":\"https:\/\/www.lagazel.com\/en\/region-of-thies-senegal-november-2020\/\"},\"wordCount\":155,\"commentCount\":0,\"publisher\":{\"@id\":\"https:\/\/www.lagazel.com\/en\/#organization\"},\"image\":{\"@id\":\"https:\/\/www.lagazel.com\/en\/region-of-thies-senegal-november-2020\/#primaryimage\"},\"thumbnailUrl\":\"https:\/\/www.lagazel.com\/wp-content\/uploads\/2020\/12\/IMG-20201119-WA0007.jpg\",\"keywords\":[\"S\u00e9n\u00e9gal\"],\"articleSection\":[\"Groupe 2\"],\"inLanguage\":\"en-US\",\"potentialAction\":[{\"@type\":\"CommentAction\",\"name\":\"Comment\",\"target\":[\"https:\/\/www.lagazel.com\/en\/region-of-thies-senegal-november-2020\/#respond\"]}]},{\"@type\":\"WebPage\",\"@id\":\"https:\/\/www.lagazel.com\/en\/region-of-thies-senegal-november-2020\/\",\"url\":\"https:\/\/www.lagazel.com\/en\/region-of-thies-senegal-november-2020\/\",\"name\":\"Region of Thies, Senegal - November 2020 - Lagazel\",\"isPartOf\":{\"@id\":\"https:\/\/www.lagazel.com\/en\/#website\"},\"primaryImageOfPage\":{\"@id\":\"https:\/\/www.lagazel.com\/en\/region-of-thies-senegal-november-2020\/#primaryimage\"},\"image\":{\"@id\":\"https:\/\/www.lagazel.com\/en\/region-of-thies-senegal-november-2020\/#primaryimage\"},\"thumbnailUrl\":\"https:\/\/www.lagazel.com\/wp-content\/uploads\/2020\/12\/IMG-20201119-WA0007.jpg\",\"datePublished\":\"2022-10-26T10:37:32+00:00\",\"dateModified\":\"2022-10-26T10:46:43+00:00\",\"breadcrumb\":{\"@id\":\"https:\/\/www.lagazel.com\/en\/region-of-thies-senegal-november-2020\/#breadcrumb\"},\"inLanguage\":\"en-US\",\"potentialAction\":[{\"@type\":\"ReadAction\",\"target\":[\"https:\/\/www.lagazel.com\/en\/region-of-thies-senegal-november-2020\/\"]}]},{\"@type\":\"ImageObject\",\"inLanguage\":\"en-US\",\"@id\":\"https:\/\/www.lagazel.com\/en\/region-of-thies-senegal-november-2020\/#primaryimage\",\"url\":\"https:\/\/www.lagazel.com\/wp-content\/uploads\/2020\/12\/IMG-20201119-WA0007.jpg\",\"contentUrl\":\"https:\/\/www.lagazel.com\/wp-content\/uploads\/2020\/12\/IMG-20201119-WA0007.jpg\",\"width\":1040,\"height\":780},{\"@type\":\"BreadcrumbList\",\"@id\":\"https:\/\/www.lagazel.com\/en\/region-of-thies-senegal-november-2020\/#breadcrumb\",\"itemListElement\":[{\"@type\":\"ListItem\",\"position\":1,\"name\":\"Home\",\"item\":\"https:\/\/www.lagazel.com\/en\/\"},{\"@type\":\"ListItem\",\"position\":2,\"name\":\"Region of Thies, Senegal &#8211; November 2020\"}]},{\"@type\":\"WebSite\",\"@id\":\"https:\/\/www.lagazel.com\/en\/#website\",\"url\":\"https:\/\/www.lagazel.com\/en\/\",\"name\":\"Lagazel\",\"description\":\"Fabricant de lampe solaire pour l&#039;Afrique\",\"publisher\":{\"@id\":\"https:\/\/www.lagazel.com\/en\/#organization\"},\"potentialAction\":[{\"@type\":\"SearchAction\",\"target\":{\"@type\":\"EntryPoint\",\"urlTemplate\":\"https:\/\/www.lagazel.com\/en\/?s={search_term_string}\"},\"query-input\":{\"@type\":\"PropertyValueSpecification\",\"valueRequired\":true,\"valueName\":\"search_term_string\"}}],\"inLanguage\":\"en-US\"},{\"@type\":\"Organization\",\"@id\":\"https:\/\/www.lagazel.com\/en\/#organization\",\"name\":\"Lagazel\",\"url\":\"https:\/\/www.lagazel.com\/en\/\",\"logo\":{\"@type\":\"ImageObject\",\"inLanguage\":\"en-US\",\"@id\":\"https:\/\/www.lagazel.com\/en\/#\/schema\/logo\/image\/\",\"url\":\"https:\/\/www.lagazel.com\/wp-content\/uploads\/2018\/05\/lagazel-lampe-solaire-logo-grand.png\",\"contentUrl\":\"https:\/\/www.lagazel.com\/wp-content\/uploads\/2018\/05\/lagazel-lampe-solaire-logo-grand.png\",\"width\":170,\"height\":153,\"caption\":\"Lagazel\"},\"image\":{\"@id\":\"https:\/\/www.lagazel.com\/en\/#\/schema\/logo\/image\/\"}},{\"@type\":\"Person\",\"@id\":\"https:\/\/www.lagazel.com\/en\/#\/schema\/person\/46deefe8acefe1f5c4b07751acdb3aa4\",\"name\":\"St\u00e9phany Bonnard\",\"image\":{\"@type\":\"ImageObject\",\"inLanguage\":\"en-US\",\"@id\":\"https:\/\/www.lagazel.com\/en\/#\/schema\/person\/image\/\",\"url\":\"https:\/\/secure.gravatar.com\/avatar\/e79e06a8adf58c9908b4fedc088214764621b3564e7150e012d76b5205ebeb76?s=96&d=mm&r=g\",\"contentUrl\":\"https:\/\/secure.gravatar.com\/avatar\/e79e06a8adf58c9908b4fedc088214764621b3564e7150e012d76b5205ebeb76?s=96&d=mm&r=g\",\"caption\":\"St\u00e9phany Bonnard\"}}]}<\/script>\n<!-- \/ Yoast SEO plugin. -->","yoast_head_json":{"title":"Region of Thies, Senegal - November 2020 - Lagazel","robots":{"index":"index","follow":"follow","max-snippet":"max-snippet:-1","max-image-preview":"max-image-preview:large","max-video-preview":"max-video-preview:-1"},"canonical":"https:\/\/www.lagazel.com\/en\/region-of-thies-senegal-november-2020\/","og_locale":"en_US","og_type":"article","og_title":"Region of Thies, Senegal - November 2020 - Lagazel","og_description":"The French association Bagoudibou funded an operation with solar lamps and collective charging stations for two schools in the region of Thi\u00e8s, S\u00e9n\u00e9gal. In collaboration with the local NGOs APAF and ADEPE, the project was built including an awareness session per school to insure a proper use of the products by beneficiaries, and a good comprehension of the challenges of solar energy. In total, two collective solar charging stations were [&hellip;]","og_url":"https:\/\/www.lagazel.com\/en\/region-of-thies-senegal-november-2020\/","og_site_name":"Lagazel","article_published_time":"2022-10-26T10:37:32+00:00","article_modified_time":"2022-10-26T10:46:43+00:00","og_image":[{"width":1040,"height":780,"url":"https:\/\/www.lagazel.com\/wp-content\/uploads\/2020\/12\/IMG-20201119-WA0007.jpg","type":"image\/jpeg"}],"author":"St\u00e9phany Bonnard","twitter_card":"summary_large_image","twitter_misc":{"Written by":"St\u00e9phany Bonnard","Est. reading time":"1 minute"},"schema":{"@context":"https:\/\/schema.org","@graph":[{"@type":"Article","@id":"https:\/\/www.lagazel.com\/en\/region-of-thies-senegal-november-2020\/#article","isPartOf":{"@id":"https:\/\/www.lagazel.com\/en\/region-of-thies-senegal-november-2020\/"},"author":{"name":"St\u00e9phany Bonnard","@id":"https:\/\/www.lagazel.com\/en\/#\/schema\/person\/46deefe8acefe1f5c4b07751acdb3aa4"},"headline":"Region of Thies, Senegal &#8211; November 2020","datePublished":"2022-10-26T10:37:32+00:00","dateModified":"2022-10-26T10:46:43+00:00","mainEntityOfPage":{"@id":"https:\/\/www.lagazel.com\/en\/region-of-thies-senegal-november-2020\/"},"wordCount":155,"commentCount":0,"publisher":{"@id":"https:\/\/www.lagazel.com\/en\/#organization"},"image":{"@id":"https:\/\/www.lagazel.com\/en\/region-of-thies-senegal-november-2020\/#primaryimage"},"thumbnailUrl":"https:\/\/www.lagazel.com\/wp-content\/uploads\/2020\/12\/IMG-20201119-WA0007.jpg","keywords":["S\u00e9n\u00e9gal"],"articleSection":["Groupe 2"],"inLanguage":"en-US","potentialAction":[{"@type":"CommentAction","name":"Comment","target":["https:\/\/www.lagazel.com\/en\/region-of-thies-senegal-november-2020\/#respond"]}]},{"@type":"WebPage","@id":"https:\/\/www.lagazel.com\/en\/region-of-thies-senegal-november-2020\/","url":"https:\/\/www.lagazel.com\/en\/region-of-thies-senegal-november-2020\/","name":"Region of Thies, Senegal - November 2020 - Lagazel","isPartOf":{"@id":"https:\/\/www.lagazel.com\/en\/#website"},"primaryImageOfPage":{"@id":"https:\/\/www.lagazel.com\/en\/region-of-thies-senegal-november-2020\/#primaryimage"},"image":{"@id":"https:\/\/www.lagazel.com\/en\/region-of-thies-senegal-november-2020\/#primaryimage"},"thumbnailUrl":"https:\/\/www.lagazel.com\/wp-content\/uploads\/2020\/12\/IMG-20201119-WA0007.jpg","datePublished":"2022-10-26T10:37:32+00:00","dateModified":"2022-10-26T10:46:43+00:00","breadcrumb":{"@id":"https:\/\/www.lagazel.com\/en\/region-of-thies-senegal-november-2020\/#breadcrumb"},"inLanguage":"en-US","potentialAction":[{"@type":"ReadAction","target":["https:\/\/www.lagazel.com\/en\/region-of-thies-senegal-november-2020\/"]}]},{"@type":"ImageObject","inLanguage":"en-US","@id":"https:\/\/www.lagazel.com\/en\/region-of-thies-senegal-november-2020\/#primaryimage","url":"https:\/\/www.lagazel.com\/wp-content\/uploads\/2020\/12\/IMG-20201119-WA0007.jpg","contentUrl":"https:\/\/www.lagazel.com\/wp-content\/uploads\/2020\/12\/IMG-20201119-WA0007.jpg","width":1040,"height":780},{"@type":"BreadcrumbList","@id":"https:\/\/www.lagazel.com\/en\/region-of-thies-senegal-november-2020\/#breadcrumb","itemListElement":[{"@type":"ListItem","position":1,"name":"Home","item":"https:\/\/www.lagazel.com\/en\/"},{"@type":"ListItem","position":2,"name":"Region of Thies, Senegal &#8211; November 2020"}]},{"@type":"WebSite","@id":"https:\/\/www.lagazel.com\/en\/#website","url":"https:\/\/www.lagazel.com\/en\/","name":"Lagazel","description":"Fabricant de lampe solaire pour l&#039;Afrique","publisher":{"@id":"https:\/\/www.lagazel.com\/en\/#organization"},"potentialAction":[{"@type":"SearchAction","target":{"@type":"EntryPoint","urlTemplate":"https:\/\/www.lagazel.com\/en\/?s={search_term_string}"},"query-input":{"@type":"PropertyValueSpecification","valueRequired":true,"valueName":"search_term_string"}}],"inLanguage":"en-US"},{"@type":"Organization","@id":"https:\/\/www.lagazel.com\/en\/#organization","name":"Lagazel","url":"https:\/\/www.lagazel.com\/en\/","logo":{"@type":"ImageObject","inLanguage":"en-US","@id":"https:\/\/www.lagazel.com\/en\/#\/schema\/logo\/image\/","url":"https:\/\/www.lagazel.com\/wp-content\/uploads\/2018\/05\/lagazel-lampe-solaire-logo-grand.png","contentUrl":"https:\/\/www.lagazel.com\/wp-content\/uploads\/2018\/05\/lagazel-lampe-solaire-logo-grand.png","width":170,"height":153,"caption":"Lagazel"},"image":{"@id":"https:\/\/www.lagazel.com\/en\/#\/schema\/logo\/image\/"}},{"@type":"Person","@id":"https:\/\/www.lagazel.com\/en\/#\/schema\/person\/46deefe8acefe1f5c4b07751acdb3aa4","name":"St\u00e9phany Bonnard","image":{"@type":"ImageObject","inLanguage":"en-US","@id":"https:\/\/www.lagazel.com\/en\/#\/schema\/person\/image\/","url":"https:\/\/secure.gravatar.com\/avatar\/e79e06a8adf58c9908b4fedc088214764621b3564e7150e012d76b5205ebeb76?s=96&d=mm&r=g","contentUrl":"https:\/\/secure.gravatar.com\/avatar\/e79e06a8adf58c9908b4fedc088214764621b3564e7150e012d76b5205ebeb76?s=96&d=mm&r=g","caption":"St\u00e9phany Bonnard"}}]}},"_links":{"self":[{"href":"https:\/\/www.lagazel.com\/en\/wp-json\/wp\/v2\/posts\/5961","targetHints":{"allow":["GET"]}}],"collection":[{"href":"https:\/\/www.lagazel.com\/en\/wp-json\/wp\/v2\/posts"}],"about":[{"href":"https:\/\/www.lagazel.com\/en\/wp-json\/wp\/v2\/types\/post"}],"author":[{"embeddable":true,"href":"https:\/\/www.lagazel.com\/en\/wp-json\/wp\/v2\/users\/2"}],"replies":[{"embeddable":true,"href":"https:\/\/www.lagazel.com\/en\/wp-json\/wp\/v2\/comments?post=5961"}],"version-history":[{"count":1,"href":"https:\/\/www.lagazel.com\/en\/wp-json\/wp\/v2\/posts\/5961\/revisions"}],"predecessor-version":[{"id":5964,"href":"https:\/\/www.lagazel.com\/en\/wp-json\/wp\/v2\/posts\/5961\/revisions\/5964"}],"wp:featuredmedia":[{"embeddable":true,"href":"https:\/\/www.lagazel.com\/en\/wp-json\/wp\/v2\/media\/3302"}],"wp:attachment":[{"href":"https:\/\/www.lagazel.com\/en\/wp-json\/wp\/v2\/media?parent=5961"}],"wp:term":[{"taxonomy":"category","embeddable":true,"href":"https:\/\/www.lagazel.com\/en\/wp-json\/wp\/v2\/categories?post=5961"},{"taxonomy":"post_tag","embeddable":true,"href":"https:\/\/www.lagazel.com\/en\/wp-json\/wp\/v2\/tags?post=5961"}],"curies":[{"name":"wp","href":"https:\/\/api.w.org\/{rel}","templated":true}]}}